{"id":2525,"date":"2022-10-22T14:46:04","date_gmt":"2022-10-22T12:46:04","guid":{"rendered":"https:\/\/spheravague.fr\/?p=2525"},"modified":"2022-10-22T14:51:55","modified_gmt":"2022-10-22T12:51:55","slug":"fete-des-village","status":"publish","type":"post","link":"https:\/\/spheravague.fr\/index.php\/2022\/10\/22\/fete-des-village\/","title":{"rendered":"F\u00eate des villages"},"content":{"rendered":"<figure class=\"wp-block-post-featured-image\"><img loading=\"lazy\" decoding=\"async\" width=\"1920\" height=\"2560\" src=\"https:\/\/spheravague.fr\/wp-content\/uploads\/2022\/10\/20221021_194059-scaled.jpg\" class=\"attachment-post-thumbnail size-post-thumbnail wp-post-image\" alt=\"\" style=\"object-fit:cover;\" srcset=\"https:\/\/spheravague.fr\/wp-content\/uploads\/2022\/10\/20221021_194059-scaled.jpg 1920w, https:\/\/spheravague.fr\/wp-content\/uploads\/2022\/10\/20221021_194059-225x300.jpg 225w, https:\/\/spheravague.fr\/wp-content\/uploads\/2022\/10\/20221021_194059-768x1024.jpg 768w, https:\/\/spheravague.fr\/wp-content\/uploads\/2022\/10\/20221021_194059-1152x1536.jpg 1152w, https:\/\/spheravague.fr\/wp-content\/uploads\/2022\/10\/20221021_194059-1536x2048.jpg 1536w, https:\/\/spheravague.fr\/wp-content\/uploads\/2022\/10\/20221021_194059-440x587.jpg 440w, https:\/\/spheravague.fr\/wp-content\/uploads\/2022\/10\/20221021_194059-600x800.jpg 600w\" sizes=\"auto, (max-width: 1920px) 100vw, 1920px\" \/><\/figure>\n\n\n<p>Cette f\u00eate des villages regroupant LE FOUR, LES JACQUETS et PIQUEY sous le th\u00e8me \u00ab\u00a0Les patrimoniales\u00a0\u00bb a \u00e9t\u00e9 une grande r\u00e9ussite ce vendredi 21 octobre 2022. Plus de 400 personnes ont r\u00e9pondu \u00e0 l&rsquo;appel pour se rencontrer, partager un bon moment mais aussi d\u00e9couvrir SPHERAVAGUE qui \u00e9tait pr\u00e9sente \u00e0 cette joyeuse manifestation.  Un grand moment \u00e0 renouveler l&rsquo;ann\u00e9e prochaine. <\/p>\n\n\n<div class=\"wp-block-image\">\n<figure class=\"aligncenter size-large\"><img loading=\"lazy\" decoding=\"async\" width=\"768\" height=\"1024\" src=\"https:\/\/spheravague.fr\/wp-content\/uploads\/2022\/10\/20221021_172827-768x1024.jpg\" alt=\"\" class=\"wp-image-2531\" srcset=\"https:\/\/spheravague.fr\/wp-content\/uploads\/2022\/10\/20221021_172827-768x1024.jpg 768w, https:\/\/spheravague.fr\/wp-content\/uploads\/2022\/10\/20221021_172827-225x300.jpg 225w, https:\/\/spheravague.fr\/wp-content\/uploads\/2022\/10\/20221021_172827-1152x1536.jpg 1152w, https:\/\/spheravague.fr\/wp-content\/uploads\/2022\/10\/20221021_172827-1536x2048.jpg 1536w, https:\/\/spheravague.fr\/wp-content\/uploads\/2022\/10\/20221021_172827-440x587.jpg 440w, https:\/\/spheravague.fr\/wp-content\/uploads\/2022\/10\/20221021_172827-600x800.jpg 600w, https:\/\/spheravague.fr\/wp-content\/uploads\/2022\/10\/20221021_172827-scaled.jpg 1920w\" sizes=\"auto, (max-width: 768px) 100vw, 768px\" \/><\/figure>\n<\/div>\n\n<div class=\"wp-block-image\">\n<figure class=\"aligncenter size-large\"><img loading=\"lazy\" decoding=\"async\" width=\"768\" height=\"1024\" src=\"https:\/\/spheravague.fr\/wp-content\/uploads\/2022\/10\/20221021_192753-768x1024.jpg\" alt=\"\" class=\"wp-image-2532\" srcset=\"https:\/\/spheravague.fr\/wp-content\/uploads\/2022\/10\/20221021_192753-768x1024.jpg 768w, https:\/\/spheravague.fr\/wp-content\/uploads\/2022\/10\/20221021_192753-225x300.jpg 225w, https:\/\/spheravague.fr\/wp-content\/uploads\/2022\/10\/20221021_192753-1152x1536.jpg 1152w, https:\/\/spheravague.fr\/wp-content\/uploads\/2022\/10\/20221021_192753-1536x2048.jpg 1536w, https:\/\/spheravague.fr\/wp-content\/uploads\/2022\/10\/20221021_192753-440x587.jpg 440w, https:\/\/spheravague.fr\/wp-content\/uploads\/2022\/10\/20221021_192753-600x800.jpg 600w, https:\/\/spheravague.fr\/wp-content\/uploads\/2022\/10\/20221021_192753-scaled.jpg 1920w\" sizes=\"auto, (max-width: 768px) 100vw, 768px\" \/><\/figure>\n<\/div>","protected":false},"excerpt":{"rendered":"<p>Cette f\u00eate des villages regroupant LE FOUR, LES JACQUETS et PIQUEY sous le th\u00e8me \u00ab\u00a0Les patrimoniales\u00a0\u00bb a \u00e9t\u00e9 une grande r\u00e9ussite ce vendredi 21 octobre&#8230;<\/p>\n","protected":false},"author":1,"featured_media":2528,"comment_status":"open","ping_status":"open","sticky":false,"template":"","format":"standard","meta":{"footnotes":""},"categories":[1],"tags":[],"class_list":["post-2525","post","type-post","status-publish","format-standard","has-post-thumbnail","hentry","category-non-classe"],"_links":{"self":[{"href":"https:\/\/spheravague.fr\/index.php\/wp-json\/wp\/v2\/posts\/2525","targetHints":{"allow":["GET"]}}],"collection":[{"href":"https:\/\/spheravague.fr\/index.php\/wp-json\/wp\/v2\/posts"}],"about":[{"href":"https:\/\/spheravague.fr\/index.php\/wp-json\/wp\/v2\/types\/post"}],"author":[{"embeddable":true,"href":"https:\/\/spheravague.fr\/index.php\/wp-json\/wp\/v2\/users\/1"}],"replies":[{"embeddable":true,"href":"https:\/\/spheravague.fr\/index.php\/wp-json\/wp\/v2\/comments?post=2525"}],"version-history":[{"count":5,"href":"https:\/\/spheravague.fr\/index.php\/wp-json\/wp\/v2\/posts\/2525\/revisions"}],"predecessor-version":[{"id":2614,"href":"https:\/\/spheravague.fr\/index.php\/wp-json\/wp\/v2\/posts\/2525\/revisions\/2614"}],"wp:featuredmedia":[{"embeddable":true,"href":"https:\/\/spheravague.fr\/index.php\/wp-json\/wp\/v2\/media\/2528"}],"wp:attachment":[{"href":"https:\/\/spheravague.fr\/index.php\/wp-json\/wp\/v2\/media?parent=2525"}],"wp:term":[{"taxonomy":"category","embeddable":true,"href":"https:\/\/spheravague.fr\/index.php\/wp-json\/wp\/v2\/categories?post=2525"},{"taxonomy":"post_tag","embeddable":true,"href":"https:\/\/spheravague.fr\/index.php\/wp-json\/wp\/v2\/tags?post=2525"}],"curies":[{"name":"wp","href":"https:\/\/api.w.org\/{rel}","templated":true}]}}